{"id":193,"date":"2022-06-22T15:54:27","date_gmt":"2022-06-22T15:54:27","guid":{"rendered":"https:\/\/branded.eus\/2022\/06\/expanding-the-meaning-of-the-word-businesswomen\/"},"modified":"2022-07-29T15:54:54","modified_gmt":"2022-07-29T15:54:54","slug":"expanding-the-meaning-of-the-word-businesswomen","status":"publish","type":"post","link":"https:\/\/branded.eus\/en\/2022\/06\/expanding-the-meaning-of-the-word-businesswomen\/","title":{"rendered":"Expanding the meaning of the word business(wo)men"},"content":{"rendered":"<p style=\"font-weight: 400;\">A veces los grandes foros empresariales nos hacen sentir peque\u00f1itas. Nuestro proyecto no es un \u201cmacroempres\u00f3n\u201d ni lo ser\u00e1 jam\u00e1s. Pero PYMES como la nuestra vivimos y sufrimos las coyunturas de mercado como las grandes, si no m\u00e1s, y pocas veces se nos da voz. Ayer asistimos al 32 encuentro empresarial de Elkargi y nos encant\u00f3 vislumbrar que aunque sea t\u00edmidamente, a trav\u00e9s del ejemplo de Dantz Point, se diera visibilidad a proyectos peque\u00f1os e innovadores frente a las altas esferas pol\u00edticas e institucionales. El cambio llega para quedarse. Cada vez m\u00e1s nos encontramos con proyectos empresariales frescos, creativos, divertidos, que adem\u00e1s entienden y valoran la virtud de trabajar de forma colaborativa y constructiva, como clave para cambiar la manera de hacer las cosas. Y nos gusta que poco a poco ese cambio social y empresarial est\u00e9 llegando a esferas antes insospechadas.      <\/p>\n","protected":false},"excerpt":{"rendered":"<p>A veces los grandes foros empresariales nos hacen sentir peque\u00f1itas. Nuestro proyecto no es un \u201cmacroempres\u00f3n\u201d ni lo ser\u00e1 jam\u00e1s. Pero PYMES como la nuestra vivimos y sufrimos las coyunturas de mercado como las grandes, si no m\u00e1s, y pocas veces se nos da voz. Ayer asistimos al 32 encuentro empresarial de Elkargi y nos [&hellip;]<\/p>\n","protected":false},"author":1,"featured_media":102,"comment_status":"open","ping_status":"open","sticky":false,"template":"","format":"standard","meta":{"_acf_changed":false,"footnotes":""},"categories":[18],"tags":[],"class_list":["post-193","post","type-post","status-publish","format-standard","has-post-thumbnail","hentry","category-thoughts"],"acf":[],"yoast_head":"<!-- This site is optimized with the Yoast SEO plugin v22.9 - https:\/\/yoast.com\/wordpress\/plugins\/seo\/ -->\n<title>Expanding the meaning of the word business(wo)men | Branded<\/title>\n<meta name=\"robots\" content=\"index, follow, max-snippet:-1, max-image-preview:large, max-video-preview:-1\" \/>\n<link rel=\"canonical\" href=\"https:\/\/branded.eus\/en\/2022\/06\/expanding-the-meaning-of-the-word-businesswomen\/\" \/>\n<meta property=\"og:locale\" content=\"en_US\" \/>\n<meta property=\"og:type\" content=\"article\" \/>\n<meta property=\"og:title\" content=\"Expanding the meaning of the word business(wo)men | Branded\" \/>\n<meta property=\"og:description\" content=\"A veces los grandes foros empresariales nos hacen sentir peque\u00f1itas. Nuestro proyecto no es un \u201cmacroempres\u00f3n\u201d ni lo ser\u00e1 jam\u00e1s. Pero PYMES como la nuestra vivimos y sufrimos las coyunturas de mercado como las grandes, si no m\u00e1s, y pocas veces se nos da voz. Ayer asistimos al 32 encuentro empresarial de Elkargi y nos [&hellip;]\" \/>\n<meta property=\"og:url\" content=\"https:\/\/branded.eus\/en\/2022\/06\/expanding-the-meaning-of-the-word-businesswomen\/\" \/>\n<meta property=\"og:site_name\" content=\"Branded\" \/>\n<meta property=\"article:published_time\" content=\"2022-06-22T15:54:27+00:00\" \/>\n<meta property=\"article:modified_time\" content=\"2022-07-29T15:54:54+00:00\" \/>\n<meta property=\"og:image\" content=\"https:\/\/branded.eus\/wp-content\/uploads\/2022\/06\/SIGNIFICADO-EMPRESARIO-1.jpg\" \/>\n\t<meta property=\"og:image:width\" content=\"2500\" \/>\n\t<meta property=\"og:image:height\" content=\"1667\" \/>\n\t<meta property=\"og:image:type\" content=\"image\/jpeg\" \/>\n<meta name=\"author\" content=\"eltipografico\" \/>\n<meta name=\"twitter:card\" content=\"summary_large_image\" \/>\n<meta name=\"twitter:label1\" content=\"Written by\" \/>\n\t<meta name=\"twitter:data1\" content=\"eltipografico\" \/>\n\t<meta name=\"twitter:label2\" content=\"Est. reading time\" \/>\n\t<meta name=\"twitter:data2\" content=\"1 minute\" \/>\n<!-- \/ Yoast SEO plugin. -->","yoast_head_json":{"title":"Expanding the meaning of the word business(wo)men | Branded","robots":{"index":"index","follow":"follow","max-snippet":"max-snippet:-1","max-image-preview":"max-image-preview:large","max-video-preview":"max-video-preview:-1"},"canonical":"https:\/\/branded.eus\/en\/2022\/06\/expanding-the-meaning-of-the-word-businesswomen\/","og_locale":"en_US","og_type":"article","og_title":"Expanding the meaning of the word business(wo)men | Branded","og_description":"A veces los grandes foros empresariales nos hacen sentir peque\u00f1itas. Nuestro proyecto no es un \u201cmacroempres\u00f3n\u201d ni lo ser\u00e1 jam\u00e1s. Pero PYMES como la nuestra vivimos y sufrimos las coyunturas de mercado como las grandes, si no m\u00e1s, y pocas veces se nos da voz. Ayer asistimos al 32 encuentro empresarial de Elkargi y nos [&hellip;]","og_url":"https:\/\/branded.eus\/en\/2022\/06\/expanding-the-meaning-of-the-word-businesswomen\/","og_site_name":"Branded","article_published_time":"2022-06-22T15:54:27+00:00","article_modified_time":"2022-07-29T15:54:54+00:00","og_image":[{"width":2500,"height":1667,"url":"https:\/\/branded.eus\/wp-content\/uploads\/2022\/06\/SIGNIFICADO-EMPRESARIO-1.jpg","type":"image\/jpeg"}],"author":"eltipografico","twitter_card":"summary_large_image","twitter_misc":{"Written by":"eltipografico","Est. reading time":"1 minute"},"schema":{"@context":"https:\/\/schema.org","@graph":[{"@type":"Article","@id":"https:\/\/branded.eus\/en\/2022\/06\/expanding-the-meaning-of-the-word-businesswomen\/#article","isPartOf":{"@id":"https:\/\/branded.eus\/en\/2022\/06\/expanding-the-meaning-of-the-word-businesswomen\/"},"author":{"name":"eltipografico","@id":"https:\/\/branded.eus\/#\/schema\/person\/40ab3335f809e42e207ecfe6ca2cc5e9"},"headline":"Expanding the meaning of the word business(wo)men","datePublished":"2022-06-22T15:54:27+00:00","dateModified":"2022-07-29T15:54:54+00:00","mainEntityOfPage":{"@id":"https:\/\/branded.eus\/en\/2022\/06\/expanding-the-meaning-of-the-word-businesswomen\/"},"wordCount":160,"commentCount":0,"publisher":{"@id":"https:\/\/branded.eus\/#organization"},"image":{"@id":"https:\/\/branded.eus\/en\/2022\/06\/expanding-the-meaning-of-the-word-businesswomen\/#primaryimage"},"thumbnailUrl":"https:\/\/branded.eus\/wp-content\/uploads\/2022\/06\/SIGNIFICADO-EMPRESARIO-1.jpg","articleSection":["Thoughts"],"inLanguage":"en-US","potentialAction":[{"@type":"CommentAction","name":"Comment","target":["https:\/\/branded.eus\/en\/2022\/06\/expanding-the-meaning-of-the-word-businesswomen\/#respond"]}]},{"@type":"WebPage","@id":"https:\/\/branded.eus\/en\/2022\/06\/expanding-the-meaning-of-the-word-businesswomen\/","url":"https:\/\/branded.eus\/en\/2022\/06\/expanding-the-meaning-of-the-word-businesswomen\/","name":"Expanding the meaning of the word business(wo)men | Branded","isPartOf":{"@id":"https:\/\/branded.eus\/#website"},"primaryImageOfPage":{"@id":"https:\/\/branded.eus\/en\/2022\/06\/expanding-the-meaning-of-the-word-businesswomen\/#primaryimage"},"image":{"@id":"https:\/\/branded.eus\/en\/2022\/06\/expanding-the-meaning-of-the-word-businesswomen\/#primaryimage"},"thumbnailUrl":"https:\/\/branded.eus\/wp-content\/uploads\/2022\/06\/SIGNIFICADO-EMPRESARIO-1.jpg","datePublished":"2022-06-22T15:54:27+00:00","dateModified":"2022-07-29T15:54:54+00:00","breadcrumb":{"@id":"https:\/\/branded.eus\/en\/2022\/06\/expanding-the-meaning-of-the-word-businesswomen\/#breadcrumb"},"inLanguage":"en-US","potentialAction":[{"@type":"ReadAction","target":["https:\/\/branded.eus\/en\/2022\/06\/expanding-the-meaning-of-the-word-businesswomen\/"]}]},{"@type":"ImageObject","inLanguage":"en-US","@id":"https:\/\/branded.eus\/en\/2022\/06\/expanding-the-meaning-of-the-word-businesswomen\/#primaryimage","url":"https:\/\/branded.eus\/wp-content\/uploads\/2022\/06\/SIGNIFICADO-EMPRESARIO-1.jpg","contentUrl":"https:\/\/branded.eus\/wp-content\/uploads\/2022\/06\/SIGNIFICADO-EMPRESARIO-1.jpg","width":2500,"height":1667},{"@type":"BreadcrumbList","@id":"https:\/\/branded.eus\/en\/2022\/06\/expanding-the-meaning-of-the-word-businesswomen\/#breadcrumb","itemListElement":[{"@type":"ListItem","position":1,"name":"Portada","item":"https:\/\/branded.eus\/en\/home\/"},{"@type":"ListItem","position":2,"name":"Expanding the meaning of the word business(wo)men"}]},{"@type":"WebSite","@id":"https:\/\/branded.eus\/#website","url":"https:\/\/branded.eus\/","name":"Branded","description":"Potencia tu presencia con nuestra Agencia de Branding y Comunicaci\u00f3n en San Sebasti\u00e1n.","publisher":{"@id":"https:\/\/branded.eus\/#organization"},"alternateName":"bd","potentialAction":[{"@type":"SearchAction","target":{"@type":"EntryPoint","urlTemplate":"https:\/\/branded.eus\/?s={search_term_string}"},"query-input":"required name=search_term_string"}],"inLanguage":"en-US"},{"@type":"Organization","@id":"https:\/\/branded.eus\/#organization","name":"Branded","alternateName":"bd","url":"https:\/\/branded.eus\/","logo":{"@type":"ImageObject","inLanguage":"en-US","@id":"https:\/\/branded.eus\/#\/schema\/logo\/image\/","url":"https:\/\/branded.eus\/wp-content\/uploads\/2023\/08\/logo-bd-blanco.png","contentUrl":"https:\/\/branded.eus\/wp-content\/uploads\/2023\/08\/logo-bd-blanco.png","width":130,"height":83,"caption":"Branded"},"image":{"@id":"https:\/\/branded.eus\/#\/schema\/logo\/image\/"},"sameAs":["https:\/\/www.instagram.com\/somosbranded_\/"]},{"@type":"Person","@id":"https:\/\/branded.eus\/#\/schema\/person\/40ab3335f809e42e207ecfe6ca2cc5e9","name":"eltipografico","image":{"@type":"ImageObject","inLanguage":"en-US","@id":"https:\/\/branded.eus\/#\/schema\/person\/image\/","url":"https:\/\/secure.gravatar.com\/avatar\/0f194c3005bcc1aa0ced8132f1b2bc2e1d6e0a2f3756ff869fd37e32233b796c?s=96&d=mm&r=g","contentUrl":"https:\/\/secure.gravatar.com\/avatar\/0f194c3005bcc1aa0ced8132f1b2bc2e1d6e0a2f3756ff869fd37e32233b796c?s=96&d=mm&r=g","caption":"eltipografico"},"sameAs":["http:\/\/branded.eus"],"url":"https:\/\/branded.eus\/en\/author\/eltipografico\/"}]}},"_links":{"self":[{"href":"https:\/\/branded.eus\/en\/wp-json\/wp\/v2\/posts\/193","targetHints":{"allow":["GET"]}}],"collection":[{"href":"https:\/\/branded.eus\/en\/wp-json\/wp\/v2\/posts"}],"about":[{"href":"https:\/\/branded.eus\/en\/wp-json\/wp\/v2\/types\/post"}],"author":[{"embeddable":true,"href":"https:\/\/branded.eus\/en\/wp-json\/wp\/v2\/users\/1"}],"replies":[{"embeddable":true,"href":"https:\/\/branded.eus\/en\/wp-json\/wp\/v2\/comments?post=193"}],"version-history":[{"count":1,"href":"https:\/\/branded.eus\/en\/wp-json\/wp\/v2\/posts\/193\/revisions"}],"predecessor-version":[{"id":194,"href":"https:\/\/branded.eus\/en\/wp-json\/wp\/v2\/posts\/193\/revisions\/194"}],"wp:featuredmedia":[{"embeddable":true,"href":"https:\/\/branded.eus\/en\/wp-json\/wp\/v2\/media\/102"}],"wp:attachment":[{"href":"https:\/\/branded.eus\/en\/wp-json\/wp\/v2\/media?parent=193"}],"wp:term":[{"taxonomy":"category","embeddable":true,"href":"https:\/\/branded.eus\/en\/wp-json\/wp\/v2\/categories?post=193"},{"taxonomy":"post_tag","embeddable":true,"href":"https:\/\/branded.eus\/en\/wp-json\/wp\/v2\/tags?post=193"}],"curies":[{"name":"wp","href":"https:\/\/api.w.org\/{rel}","templated":true}]}}